{"id":9241,"date":"2026-04-07T08:39:05","date_gmt":"2026-04-07T06:39:05","guid":{"rendered":"https:\/\/fjm-ritter.de\/Aktuell\/?p=9241"},"modified":"2026-04-09T19:27:33","modified_gmt":"2026-04-09T17:27:33","slug":"sie-erkannten-ihn-nicht","status":"publish","type":"post","link":"https:\/\/fjm-ritter.de\/Aktuell\/?p=9241","title":{"rendered":"Sie erkannten IHN nicht"},"content":{"rendered":"<div class=\"wp-block-image\">\n<figure class=\"alignright size-large is-resized\"><a href=\"https:\/\/fjm-ritter.de\/Aktuell\/wp-content\/uploads\/2026\/04\/MariaMagdalena-begegnet-Jesus-am-Grab.jpg\"><img loading=\"lazy\" decoding=\"async\" width=\"1024\" height=\"687\" src=\"https:\/\/fjm-ritter.de\/Aktuell\/wp-content\/uploads\/2026\/04\/MariaMagdalena-begegnet-Jesus-am-Grab-1024x687.jpg\" alt=\"\" class=\"wp-image-9230\" style=\"aspect-ratio:1.473668024909664;width:295px;height:auto\" srcset=\"https:\/\/fjm-ritter.de\/Aktuell\/wp-content\/uploads\/2026\/04\/MariaMagdalena-begegnet-Jesus-am-Grab-1024x687.jpg 1024w, https:\/\/fjm-ritter.de\/Aktuell\/wp-content\/uploads\/2026\/04\/MariaMagdalena-begegnet-Jesus-am-Grab-300x201.jpg 300w, https:\/\/fjm-ritter.de\/Aktuell\/wp-content\/uploads\/2026\/04\/MariaMagdalena-begegnet-Jesus-am-Grab-768x515.jpg 768w, https:\/\/fjm-ritter.de\/Aktuell\/wp-content\/uploads\/2026\/04\/MariaMagdalena-begegnet-Jesus-am-Grab-447x300.jpg 447w, https:\/\/fjm-ritter.de\/Aktuell\/wp-content\/uploads\/2026\/04\/MariaMagdalena-begegnet-Jesus-am-Grab.jpg 1073w\" sizes=\"auto, (max-width: 1024px) 100vw, 1024px\" \/><\/a><\/figure>\n<\/div>\n\n\n<p>Die Seinen erkannten IHN nicht; sie glaubte es sei der G\u00e4rtner. Da sprach Jesus sie an und Maria von Magdala erkannte und bekennt: &#8222;<em><strong>Rabbuni<\/strong><\/em>&#8220; [Mein Meister] und fiel IHM zu F\u00fc\u00dfen.<\/p>\n\n\n\n<p>Euch ALLEN zusammen einen wundersch\u00f6nen gesegneten Osterdienstag +++<\/p>\n","protected":false},"excerpt":{"rendered":"<p>Die Seinen erkannten IHN nicht; sie glaubte es sei der G\u00e4rtner. Da sprach Jesus sie an und Maria von Magdala erkannte und bekennt: &#8222;Rabbuni&#8220; [Mein Meister] und fiel IHM zu F\u00fc\u00dfen. Euch ALLEN zusammen einen wundersch\u00f6nen gesegneten Osterdienstag +++<\/p>\n","protected":false},"author":11,"featured_media":0,"comment_status":"open","ping_status":"closed","sticky":false,"template":"","format":"standard","meta":{"footnotes":""},"categories":[1],"tags":[],"class_list":["post-9241","post","type-post","status-publish","format-standard","hentry","category-allgemein"],"_links":{"self":[{"href":"https:\/\/fjm-ritter.de\/Aktuell\/index.php?rest_route=\/wp\/v2\/posts\/9241","targetHints":{"allow":["GET"]}}],"collection":[{"href":"https:\/\/fjm-ritter.de\/Aktuell\/index.php?rest_route=\/wp\/v2\/posts"}],"about":[{"href":"https:\/\/fjm-ritter.de\/Aktuell\/index.php?rest_route=\/wp\/v2\/types\/post"}],"author":[{"embeddable":true,"href":"https:\/\/fjm-ritter.de\/Aktuell\/index.php?rest_route=\/wp\/v2\/users\/11"}],"replies":[{"embeddable":true,"href":"https:\/\/fjm-ritter.de\/Aktuell\/index.php?rest_route=%2Fwp%2Fv2%2Fcomments&post=9241"}],"version-history":[{"count":4,"href":"https:\/\/fjm-ritter.de\/Aktuell\/index.php?rest_route=\/wp\/v2\/posts\/9241\/revisions"}],"predecessor-version":[{"id":9253,"href":"https:\/\/fjm-ritter.de\/Aktuell\/index.php?rest_route=\/wp\/v2\/posts\/9241\/revisions\/9253"}],"wp:attachment":[{"href":"https:\/\/fjm-ritter.de\/Aktuell\/index.php?rest_route=%2Fwp%2Fv2%2Fmedia&parent=9241"}],"wp:term":[{"taxonomy":"category","embeddable":true,"href":"https:\/\/fjm-ritter.de\/Aktuell\/index.php?rest_route=%2Fwp%2Fv2%2Fcategories&post=9241"},{"taxonomy":"post_tag","embeddable":true,"href":"https:\/\/fjm-ritter.de\/Aktuell\/index.php?rest_route=%2Fwp%2Fv2%2Ftags&post=9241"}],"curies":[{"name":"wp","href":"https:\/\/api.w.org\/{rel}","templated":true}]}}