{"id":9320,"date":"2026-04-30T09:38:12","date_gmt":"2026-04-30T07:38:12","guid":{"rendered":"https:\/\/fjm-ritter.de\/Aktuell\/?p=9320"},"modified":"2026-04-30T09:41:15","modified_gmt":"2026-04-30T07:41:15","slug":"der-mai","status":"publish","type":"post","link":"https:\/\/fjm-ritter.de\/Aktuell\/?p=9320","title":{"rendered":"Der Mai &#8230;"},"content":{"rendered":"\n<p>Mit dem <strong>1. Mai<\/strong> beginnt auch der Marienmonat, wo zu entsprechenden Andachten eingeladen wird.<\/p>\n\n\n<div class=\"wp-block-image\">\n<figure class=\"alignright size-large is-resized\"><a href=\"https:\/\/fjm-ritter.de\/Aktuell\/wp-content\/uploads\/2026\/04\/FB_IMG_1777004962399.jpg\"><img loading=\"lazy\" decoding=\"async\" width=\"1024\" height=\"870\" src=\"https:\/\/fjm-ritter.de\/Aktuell\/wp-content\/uploads\/2026\/04\/FB_IMG_1777004962399-1024x870.jpg\" alt=\"\" class=\"wp-image-9322\" style=\"aspect-ratio:1.1721755083320593;width:248px;height:auto\" srcset=\"https:\/\/fjm-ritter.de\/Aktuell\/wp-content\/uploads\/2026\/04\/FB_IMG_1777004962399-1024x870.jpg 1024w, https:\/\/fjm-ritter.de\/Aktuell\/wp-content\/uploads\/2026\/04\/FB_IMG_1777004962399-300x255.jpg 300w, https:\/\/fjm-ritter.de\/Aktuell\/wp-content\/uploads\/2026\/04\/FB_IMG_1777004962399-768x653.jpg 768w, https:\/\/fjm-ritter.de\/Aktuell\/wp-content\/uploads\/2026\/04\/FB_IMG_1777004962399-1536x1305.jpg 1536w, https:\/\/fjm-ritter.de\/Aktuell\/wp-content\/uploads\/2026\/04\/FB_IMG_1777004962399-2048x1740.jpg 2048w, https:\/\/fjm-ritter.de\/Aktuell\/wp-content\/uploads\/2026\/04\/FB_IMG_1777004962399-353x300.jpg 353w\" sizes=\"auto, (max-width: 1024px) 100vw, 1024px\" \/><\/a><\/figure>\n<\/div>\n\n\n<p>M\u00f6ge es auch eine gute Vorbereitung sein, zum Beispiel auf die pers\u00f6nliche Treffen der <strong>FJM<\/strong>&#8218;<em>ler, Angeh\u00f6rige und Freunde<\/em> &#8230;<\/p>\n\n\n\n<p>Wie bitten ohne Unterlass um Herzensfrieden in Welt und Kirche &#8230;<br>Um Heilung der (inneren) Wunden an Leib &amp; Seele &#8230;<\/p>\n\n\n\n<p>Man k\u00f6nnte im Mai die 33 Tage Exerzitien, des Heiligen Ludwig Maria halten. Die wir <a href=\"https:\/\/mediathek.fjm.tips\/andachten-novenen.html\">im Archiv\u00a0als Audio<\/a> gespeichert haben. Schlie\u00dfen wir besonders die Treffen Anfang Juni mit ein.<\/p>\n\n\n\n<p>Ewiges Vergelts Gott, Segensgr\u00fc\u00dfe +++<\/p>\n\n\n\n<p><\/p>\n","protected":false},"excerpt":{"rendered":"<p>Mit dem 1. Mai beginnt auch der Marienmonat, wo zu entsprechenden Andachten eingeladen wird. M\u00f6ge es auch eine gute Vorbereitung sein, zum Beispiel auf die pers\u00f6nliche Treffen der FJM&#8218;ler, Angeh\u00f6rige und Freunde &#8230; Wie bitten ohne Unterlass um Herzensfrieden in &hellip; <a href=\"https:\/\/fjm-ritter.de\/Aktuell\/?p=9320\">Weiterlesen <span class=\"meta-nav\">&rarr;<\/span><\/a><\/p>\n","protected":false},"author":11,"featured_media":0,"comment_status":"open","ping_status":"closed","sticky":false,"template":"","format":"standard","meta":{"footnotes":""},"categories":[1],"tags":[],"class_list":["post-9320","post","type-post","status-publish","format-standard","hentry","category-allgemein"],"_links":{"self":[{"href":"https:\/\/fjm-ritter.de\/Aktuell\/index.php?rest_route=\/wp\/v2\/posts\/9320","targetHints":{"allow":["GET"]}}],"collection":[{"href":"https:\/\/fjm-ritter.de\/Aktuell\/index.php?rest_route=\/wp\/v2\/posts"}],"about":[{"href":"https:\/\/fjm-ritter.de\/Aktuell\/index.php?rest_route=\/wp\/v2\/types\/post"}],"author":[{"embeddable":true,"href":"https:\/\/fjm-ritter.de\/Aktuell\/index.php?rest_route=\/wp\/v2\/users\/11"}],"replies":[{"embeddable":true,"href":"https:\/\/fjm-ritter.de\/Aktuell\/index.php?rest_route=%2Fwp%2Fv2%2Fcomments&post=9320"}],"version-history":[{"count":2,"href":"https:\/\/fjm-ritter.de\/Aktuell\/index.php?rest_route=\/wp\/v2\/posts\/9320\/revisions"}],"predecessor-version":[{"id":9323,"href":"https:\/\/fjm-ritter.de\/Aktuell\/index.php?rest_route=\/wp\/v2\/posts\/9320\/revisions\/9323"}],"wp:attachment":[{"href":"https:\/\/fjm-ritter.de\/Aktuell\/index.php?rest_route=%2Fwp%2Fv2%2Fmedia&parent=9320"}],"wp:term":[{"taxonomy":"category","embeddable":true,"href":"https:\/\/fjm-ritter.de\/Aktuell\/index.php?rest_route=%2Fwp%2Fv2%2Fcategories&post=9320"},{"taxonomy":"post_tag","embeddable":true,"href":"https:\/\/fjm-ritter.de\/Aktuell\/index.php?rest_route=%2Fwp%2Fv2%2Ftags&post=9320"}],"curies":[{"name":"wp","href":"https:\/\/api.w.org\/{rel}","templated":true}]}}